{"id":7566,"date":"2025-09-12T12:11:38","date_gmt":"2025-09-12T10:11:38","guid":{"rendered":"https:\/\/ttc-eggenfelden.de\/ttc\/?p=7566"},"modified":"2025-09-12T12:11:38","modified_gmt":"2025-09-12T10:11:38","slug":"der-ttc-trauert-um-sein-ehrenmitglied-inge-mylius","status":"publish","type":"post","link":"https:\/\/ttc-eggenfelden.de\/ttc\/der-ttc-trauert-um-sein-ehrenmitglied-inge-mylius\/","title":{"rendered":"Der TTC trauert um sein Ehrenmitglied Inge Mylius"},"content":{"rendered":"<p><img loading=\"lazy\" decoding=\"async\" class=\"wp-image-7567 alignleft\" src=\"https:\/\/ttc-eggenfelden.de\/ttc\/wp-content\/uploads\/2025\/09\/PXL_20240426_1715220923.jpg\" alt=\"\" width=\"370\" height=\"498\" srcset=\"https:\/\/ttc-eggenfelden.de\/ttc\/wp-content\/uploads\/2025\/09\/PXL_20240426_1715220923.jpg 568w, https:\/\/ttc-eggenfelden.de\/ttc\/wp-content\/uploads\/2025\/09\/PXL_20240426_1715220923-223x300.jpg 223w, https:\/\/ttc-eggenfelden.de\/ttc\/wp-content\/uploads\/2025\/09\/PXL_20240426_1715220923-134x180.jpg 134w\" sizes=\"(max-width: 370px) 100vw, 370px\" \/><br \/>\nMit gro\u00dfem Best\u00fcrzen haben wir vom Tod unseres Ehrenmitgliedes <strong>Inge Mylius<\/strong>, die seit 1948 dem Verein angeh\u00f6rte, erfahren.<br \/>\nUnter ihrem M\u00e4dchennamen Inge Luger geh\u00f6rte sie in den 1950-er Jahren zu den besten Spielerinnen des damaligen TT-Bezirks Oberbayern sowohl im Mannschafts- als auch im Einzelsport.<\/p>\n<p>Nach eine l\u00e4ngeren Pause griff sie 1969 noch einmal\u00a0 zum Schl\u00e4ger und f\u00fchrte die Damenmannschaft bis in die Bezirksliga.<\/p>\n<p>Auch nach dem Ende ihrer aktiven Zeit blieb Inge Mylius dem TTC eng verbunden. Sie war Stammgast bei den Heimspielen der 1. Herrenmannschaft und nahm so lange es ihr gesundheitlich m\u00f6glich war an den sportlichen und gesellschaftlichen Veranstaltungen ihres TTC teil.<\/p>\n<p>Seit dem Jahr 2012 ist Inge Mylius Ehrenmitglied des Vereins, 2023 wurde sie f\u00fcr 75-j\u00e4hrige Mitgliedschaft geehrt.<\/p>\n<p>Mit Inge Mylius verliert der TTC eine pr\u00e4gende Pers\u00f6nlichkeit aus den Anfangszeiten des Vereins, vor allem aber eine Freundin, die bis zum Schluss den Kontakt zur Tischtennisfamilie gehalten hat.<\/p>\n<p>Unser aufrichtiges Mitgef\u00fchl gilt deinen Angeh\u00f6rigen.<\/p>\n<p>Liebe Inge, wir werden dich stets in unserem Herzen behalten.<\/p>\n<p>&nbsp;<\/p>\n<p>&nbsp;<\/p>\n<p>Thomas Puchinger, 1. Vorsitzender<\/p>\n","protected":false},"excerpt":{"rendered":"<p>Mit gro\u00dfem Best\u00fcrzen haben wir vom Tod unseres Ehrenmitgliedes Inge Mylius, die seit 1948 dem Verein angeh\u00f6rte, erfahren. Unter ihrem M\u00e4dchennamen Inge [&hellip;]<\/p>\n","protected":false},"author":2,"featured_media":0,"comment_status":"open","ping_status":"open","sticky":false,"template":"","format":"standard","meta":{"footnotes":""},"categories":[1],"tags":[11],"_links":{"self":[{"href":"https:\/\/ttc-eggenfelden.de\/ttc\/wp-json\/wp\/v2\/posts\/7566"}],"collection":[{"href":"https:\/\/ttc-eggenfelden.de\/ttc\/wp-json\/wp\/v2\/posts"}],"about":[{"href":"https:\/\/ttc-eggenfelden.de\/ttc\/wp-json\/wp\/v2\/types\/post"}],"author":[{"embeddable":true,"href":"https:\/\/ttc-eggenfelden.de\/ttc\/wp-json\/wp\/v2\/users\/2"}],"replies":[{"embeddable":true,"href":"https:\/\/ttc-eggenfelden.de\/ttc\/wp-json\/wp\/v2\/comments?post=7566"}],"version-history":[{"count":5,"href":"https:\/\/ttc-eggenfelden.de\/ttc\/wp-json\/wp\/v2\/posts\/7566\/revisions"}],"predecessor-version":[{"id":7572,"href":"https:\/\/ttc-eggenfelden.de\/ttc\/wp-json\/wp\/v2\/posts\/7566\/revisions\/7572"}],"wp:attachment":[{"href":"https:\/\/ttc-eggenfelden.de\/ttc\/wp-json\/wp\/v2\/media?parent=7566"}],"wp:term":[{"taxonomy":"category","embeddable":true,"href":"https:\/\/ttc-eggenfelden.de\/ttc\/wp-json\/wp\/v2\/categories?post=7566"},{"taxonomy":"post_tag","embeddable":true,"href":"https:\/\/ttc-eggenfelden.de\/ttc\/wp-json\/wp\/v2\/tags?post=7566"}],"curies":[{"name":"wp","href":"https:\/\/api.w.org\/{rel}","templated":true}]}}