{"id":3894,"date":"2017-02-19T22:00:06","date_gmt":"2017-02-19T20:00:06","guid":{"rendered":"http:\/\/ttc-eggenfelden.de\/ttc\/?p=3894"},"modified":"2017-02-27T19:08:07","modified_gmt":"2017-02-27T17:08:07","slug":"minis-des-ttc-eggenfelden-ganz-gross-tolle-ergebnisse-beim-kreisentscheid-der-minimeisterschaften","status":"publish","type":"post","link":"https:\/\/ttc-eggenfelden.de\/ttc\/minis-des-ttc-eggenfelden-ganz-gross-tolle-ergebnisse-beim-kreisentscheid-der-minimeisterschaften\/","title":{"rendered":"Minis des TTC Eggenfelden ganz gro\u00df \u2013 Tolle Ergebnisse beim Kreisentscheid der Minimeisterschaften"},"content":{"rendered":"<p>30 M\u00e4dchen und Buben, die sich \u00fcber den Ortsentscheid der Minimeisterschaften f\u00fcr das Kreisfinale qualifiziert hatten, k\u00e4mpften am 19.2. in Bad F\u00fcssing um die begehrten Siegerpl\u00e4tze, Urkunden und Pokale. Darunter waren auch sechs Teilnehmer des TTC Eggenfelden, von denen sich am Ende f\u00fcnf die Startberechtigung f\u00fcr den Bezirksentscheid der Minimeisterschaften am 9. April in Arnstorf erspielten. Voraussetzung daf\u00fcr war ein Platz unter den ersten Vier in der entsprechenden Altersklasse.<br \/>\nIn der Alterklasse der 11- und 12-j\u00e4hrigen Jungen landete Robert Richelhof unangefochten auf Platz eins. Siebter wurde hier Erik Rettenbeck.<br \/>\nLeonhard Barth war in der AK 9\/10 unter 17 Teilnehmern nicht zu besiegen und erk\u00e4mpfte sich den ersten Platz. Vierter wurde Noah Werb.<br \/>\nBei den M\u00e4dchen (11 und 12 Jahre) gewann Natalie Maier, in der AK 9\/10 belegte Laura Epsiger den 2. Platz.<\/p>\n\n\t\t<style type=\"text\/css\">\n\t\t\t#gallery-1 {\n\t\t\t\tmargin: auto;\n\t\t\t}\n\t\t\t#gallery-1 .gallery-item {\n\t\t\t\tfloat: left;\n\t\t\t\tmargin-top: 10px;\n\t\t\t\ttext-align: center;\n\t\t\t\twidth: 33%;\n\t\t\t}\n\t\t\t#gallery-1 img {\n\t\t\t\tborder: 2px solid #cfcfcf;\n\t\t\t}\n\t\t\t#gallery-1 .gallery-caption {\n\t\t\t\tmargin-left: 0;\n\t\t\t}\n\t\t\t\/* see gallery_shortcode() in wp-includes\/media.php *\/\n\t\t<\/style>\n\t\t<div id='gallery-1' class='gallery galleryid-3894 gallery-columns-3 gallery-size-thumbnail'><dl class='gallery-item'>\n\t\t\t<dt class='gallery-icon portrait'>\n\t\t\t\t<a href='https:\/\/ttc-eggenfelden.de\/ttc\/wp-content\/uploads\/2017\/02\/20170219_125233.jpg'><img loading=\"lazy\" decoding=\"async\" width=\"101\" height=\"180\" src=\"https:\/\/ttc-eggenfelden.de\/ttc\/wp-content\/uploads\/2017\/02\/20170219_125233-101x180.jpg\" class=\"attachment-thumbnail size-thumbnail\" alt=\"\" srcset=\"https:\/\/ttc-eggenfelden.de\/ttc\/wp-content\/uploads\/2017\/02\/20170219_125233-101x180.jpg 101w, https:\/\/ttc-eggenfelden.de\/ttc\/wp-content\/uploads\/2017\/02\/20170219_125233-169x300.jpg 169w, https:\/\/ttc-eggenfelden.de\/ttc\/wp-content\/uploads\/2017\/02\/20170219_125233-576x1024.jpg 576w, https:\/\/ttc-eggenfelden.de\/ttc\/wp-content\/uploads\/2017\/02\/20170219_125233.jpg 1836w\" sizes=\"(max-width: 101px) 100vw, 101px\" \/><\/a>\n\t\t\t<\/dt><\/dl><dl class='gallery-item'>\n\t\t\t<dt class='gallery-icon portrait'>\n\t\t\t\t<a href='https:\/\/ttc-eggenfelden.de\/ttc\/wp-content\/uploads\/2017\/02\/20170219_125510.jpg'><img loading=\"lazy\" decoding=\"async\" width=\"101\" height=\"180\" src=\"https:\/\/ttc-eggenfelden.de\/ttc\/wp-content\/uploads\/2017\/02\/20170219_125510-101x180.jpg\" class=\"attachment-thumbnail size-thumbnail\" alt=\"\" srcset=\"https:\/\/ttc-eggenfelden.de\/ttc\/wp-content\/uploads\/2017\/02\/20170219_125510-101x180.jpg 101w, https:\/\/ttc-eggenfelden.de\/ttc\/wp-content\/uploads\/2017\/02\/20170219_125510-169x300.jpg 169w, https:\/\/ttc-eggenfelden.de\/ttc\/wp-content\/uploads\/2017\/02\/20170219_125510-576x1024.jpg 576w, https:\/\/ttc-eggenfelden.de\/ttc\/wp-content\/uploads\/2017\/02\/20170219_125510.jpg 1836w\" sizes=\"(max-width: 101px) 100vw, 101px\" \/><\/a>\n\t\t\t<\/dt><\/dl><dl class='gallery-item'>\n\t\t\t<dt class='gallery-icon portrait'>\n\t\t\t\t<a href='https:\/\/ttc-eggenfelden.de\/ttc\/wp-content\/uploads\/2017\/02\/20170219_125627.jpg'><img loading=\"lazy\" decoding=\"async\" width=\"101\" height=\"180\" src=\"https:\/\/ttc-eggenfelden.de\/ttc\/wp-content\/uploads\/2017\/02\/20170219_125627-101x180.jpg\" class=\"attachment-thumbnail size-thumbnail\" alt=\"\" srcset=\"https:\/\/ttc-eggenfelden.de\/ttc\/wp-content\/uploads\/2017\/02\/20170219_125627-101x180.jpg 101w, https:\/\/ttc-eggenfelden.de\/ttc\/wp-content\/uploads\/2017\/02\/20170219_125627-169x300.jpg 169w, https:\/\/ttc-eggenfelden.de\/ttc\/wp-content\/uploads\/2017\/02\/20170219_125627-576x1024.jpg 576w, https:\/\/ttc-eggenfelden.de\/ttc\/wp-content\/uploads\/2017\/02\/20170219_125627.jpg 1836w\" sizes=\"(max-width: 101px) 100vw, 101px\" \/><\/a>\n\t\t\t<\/dt><\/dl><br style=\"clear: both\" \/><dl class='gallery-item'>\n\t\t\t<dt class='gallery-icon portrait'>\n\t\t\t\t<a href='https:\/\/ttc-eggenfelden.de\/ttc\/wp-content\/uploads\/2017\/02\/20170219_131718.jpg'><img loading=\"lazy\" decoding=\"async\" width=\"101\" height=\"180\" src=\"https:\/\/ttc-eggenfelden.de\/ttc\/wp-content\/uploads\/2017\/02\/20170219_131718-101x180.jpg\" class=\"attachment-thumbnail size-thumbnail\" alt=\"\" srcset=\"https:\/\/ttc-eggenfelden.de\/ttc\/wp-content\/uploads\/2017\/02\/20170219_131718-101x180.jpg 101w, https:\/\/ttc-eggenfelden.de\/ttc\/wp-content\/uploads\/2017\/02\/20170219_131718-169x300.jpg 169w, https:\/\/ttc-eggenfelden.de\/ttc\/wp-content\/uploads\/2017\/02\/20170219_131718-576x1024.jpg 576w, https:\/\/ttc-eggenfelden.de\/ttc\/wp-content\/uploads\/2017\/02\/20170219_131718.jpg 1836w\" sizes=\"(max-width: 101px) 100vw, 101px\" \/><\/a>\n\t\t\t<\/dt><\/dl>\n\t\t\t<br style='clear: both' \/>\n\t\t<\/div>\n\n","protected":false},"excerpt":{"rendered":"<p>30 M\u00e4dchen und Buben, die sich \u00fcber den Ortsentscheid der Minimeisterschaften f\u00fcr das Kreisfinale qualifiziert hatten, k\u00e4mpften am 19.2. in Bad F\u00fcssing [&hellip;]<\/p>\n","protected":false},"author":2,"featured_media":3898,"comment_status":"open","ping_status":"open","sticky":false,"template":"","format":"standard","meta":{"footnotes":""},"categories":[1],"tags":[11],"_links":{"self":[{"href":"https:\/\/ttc-eggenfelden.de\/ttc\/wp-json\/wp\/v2\/posts\/3894"}],"collection":[{"href":"https:\/\/ttc-eggenfelden.de\/ttc\/wp-json\/wp\/v2\/posts"}],"about":[{"href":"https:\/\/ttc-eggenfelden.de\/ttc\/wp-json\/wp\/v2\/types\/post"}],"author":[{"embeddable":true,"href":"https:\/\/ttc-eggenfelden.de\/ttc\/wp-json\/wp\/v2\/users\/2"}],"replies":[{"embeddable":true,"href":"https:\/\/ttc-eggenfelden.de\/ttc\/wp-json\/wp\/v2\/comments?post=3894"}],"version-history":[{"count":2,"href":"https:\/\/ttc-eggenfelden.de\/ttc\/wp-json\/wp\/v2\/posts\/3894\/revisions"}],"predecessor-version":[{"id":3901,"href":"https:\/\/ttc-eggenfelden.de\/ttc\/wp-json\/wp\/v2\/posts\/3894\/revisions\/3901"}],"wp:featuredmedia":[{"embeddable":true,"href":"https:\/\/ttc-eggenfelden.de\/ttc\/wp-json\/wp\/v2\/media\/3898"}],"wp:attachment":[{"href":"https:\/\/ttc-eggenfelden.de\/ttc\/wp-json\/wp\/v2\/media?parent=3894"}],"wp:term":[{"taxonomy":"category","embeddable":true,"href":"https:\/\/ttc-eggenfelden.de\/ttc\/wp-json\/wp\/v2\/categories?post=3894"},{"taxonomy":"post_tag","embeddable":true,"href":"https:\/\/ttc-eggenfelden.de\/ttc\/wp-json\/wp\/v2\/tags?post=3894"}],"curies":[{"name":"wp","href":"https:\/\/api.w.org\/{rel}","templated":true}]}}